{"id":11749,"date":"2021-04-08T09:42:53","date_gmt":"2021-04-08T07:42:53","guid":{"rendered":"http:\/\/s486948380.onlinehome.fr\/NewWp\/?p=11749"},"modified":"2021-07-30T13:34:55","modified_gmt":"2021-07-30T11:34:55","slug":"creche-municipale","status":"publish","type":"post","link":"http:\/\/s486948380.onlinehome.fr\/NewWp\/creche-municipale\/","title":{"rendered":"Cr\u00e8che municipale"},"content":{"rendered":"<h2>Multi-Accueil Communal Irri\u00f1oak<\/h2>\n<h3>L&#8217;accueil de vos enfants<\/h3>\n<p><strong>Accueil r\u00e9gulier :\u00a0<\/strong>Petite structure d&#8217;une capacit\u00e9 d&#8217;accueil de 17 enfants, elle permet aux enfants de 3 mois \u00e0 4 ans de vivre tous ensemble dans une ambiance familiale. Une \u00e9quipe de professionnelles de la petite enfance r\u00e9pond aux besoins de l&#8217;enfant dans son rythme quotidien.<br \/>\n<strong>Encadrement : <\/strong>1 \u00e9ducatrice jeunes enfants, 2 auxiliaires de pu\u00e9riculture, 5 agents CAP Accompagnant \u00c9ducatif Petite Enfance.<\/p>\n<p><strong>Accueil occasionnel :\u00a0<\/strong>Pour les enfants de 3 mois \u00e0 4 ans : accueil occasionnel pour 1 heure, 2 heures,&#8230; ou toute la journ\u00e9e. Les enfants peuvent jouer, manger, dormir. Apprentissage de la vie collective qui facilite l&#8217;entr\u00e9e \u00e0 l&#8217;\u00e9cole.<\/p>\n<h3>Les activit\u00e9s<\/h3>\n<ul>\n<li>Peinture, moulage, maquillage, cuisine, p\u00e2te \u00e0 sel,&#8230;<\/li>\n<li>Contes, lecture, musique&#8230;<\/li>\n<li>D\u00e9couverte de l&#8217;environnement.<\/li>\n<li>Promenades et sorties pour les enfants de 2 ans.<\/li>\n<\/ul>\n<p><img loading=\"lazy\" decoding=\"async\" class=\"alignright size-full wp-image-18448\" src=\"http:\/\/s486948380.onlinehome.fr\/NewWp\/wp-content\/uploads\/2020\/09\/creche-municipale.jpg\" alt=\"Hasparren : Cr\u00e8che municipale, Multi-Accueil Communal Irri\u00f1oak\" width=\"1000\" height=\"486\" srcset=\"http:\/\/s486948380.onlinehome.fr\/NewWp\/wp-content\/uploads\/2020\/09\/creche-municipale.jpg 1000w, http:\/\/s486948380.onlinehome.fr\/NewWp\/wp-content\/uploads\/2020\/09\/creche-municipale-500x243.jpg 500w, http:\/\/s486948380.onlinehome.fr\/NewWp\/wp-content\/uploads\/2020\/09\/creche-municipale-768x373.jpg 768w, http:\/\/s486948380.onlinehome.fr\/NewWp\/wp-content\/uploads\/2020\/09\/creche-municipale-170x83.jpg 170w, http:\/\/s486948380.onlinehome.fr\/NewWp\/wp-content\/uploads\/2020\/09\/creche-municipale-980x476.jpg 980w\" sizes=\"auto, (max-width: 1000px) 100vw, 1000px\" \/><\/p>\n<\/p>\n<p class=\"contact\"><span style=\"font-size: 24px;\"><strong><em><span style=\"color: #036085;\">Informations pratiques<\/span><br \/>\n<\/em><\/strong><\/span><strong>Les horaires d&#8217;ouverture :\u00a0<\/strong>Du lundi au vendredi de 7h30 \u00e0 18h30<br \/>\n<strong>L&#8217;inscription de vos enfants au centre de loisirs :\u00a0<\/strong>Sur rendez-vous ou directement sur place avec la Directrice, Madame Emilie HIRIGOYEN.<br \/>\n<span style=\"font-size: 24px;\"><strong><em><span style=\"color: #036085;\">Contact<\/span><br \/>\n<\/em><\/strong><\/span><strong> <span style=\"color: #036085;\">Adresse<\/span> : <\/strong>21, rue Dibildos &#8211; 64240 Hasparren<br \/>\n<a href=\"tel:+33559702688\">T\u00e9l\u00e9phone : + 33 (0)5 59 70 26 88<\/a><\/p>\n","protected":false},"excerpt":{"rendered":"<p>Multi-Accueil Communal Irri\u00f1oak L&#8217;accueil de vos enfants Accueil r\u00e9gulier :\u00a0Petite structure d&#8217;une capacit\u00e9 d&#8217;accueil de 17 enfants, elle permet aux enfants de 3 mois \u00e0 4 ans de vivre tous [&hellip;]<\/p>\n","protected":false},"author":3,"featured_media":13132,"comment_status":"closed","ping_status":"closed","sticky":false,"template":"","format":"standard","meta":{"cybocfi_hide_featured_image":"yes","_jetpack_newsletter_access":"","_jetpack_dont_email_post_to_subs":false,"_jetpack_newsletter_tier_id":0,"_jetpack_memberships_contains_paywalled_content":false,"_jetpack_feature_clip_id":0,"_jetpack_memberships_contains_paid_content":false,"footnotes":"","jetpack_post_was_ever_published":false},"categories":[559],"tags":[925],"class_list":["post-11749","post","type-post","status-publish","format-standard","has-post-thumbnail","hentry","category-petite-enfance","tag-petite-enfance","clearfix"],"yoast_head":"<!-- This site is optimized with the Yoast SEO plugin v28.4 - https:\/\/yoast.com\/product\/yoast-seo-wordpress\/ -->\n<title>Cr\u00e8che municipale - TEST<\/title>\n<meta name=\"description\" content=\"Cr\u00e8che municipale - Petite enfance TEST\" \/>\n<meta name=\"robots\" content=\"noindex, follow, max-snippet:-1, max-image-preview:large, max-video-preview:-1\" \/>\n<meta property=\"og:locale\" content=\"fr_FR\" \/>\n<meta property=\"og:type\" content=\"article\" \/>\n<meta property=\"og:title\" content=\"Cr\u00e8che municipale - TEST\" \/>\n<meta property=\"og:description\" content=\"Cr\u00e8che municipale - Petite enfance TEST\" \/>\n<meta property=\"og:url\" content=\"http:\/\/s486948380.onlinehome.fr\/NewWp\/creche-municipale\/\" \/>\n<meta property=\"og:site_name\" content=\"TEST\" \/>\n<meta property=\"article:published_time\" content=\"2021-04-08T07:42:53+00:00\" \/>\n<meta property=\"article:modified_time\" content=\"2021-07-30T11:34:55+00:00\" \/>\n<meta property=\"og:image\" content=\"http:\/\/s486948380.onlinehome.fr\/NewWp\/wp-content\/uploads\/2020\/10\/hasparren-categorie.jpg\" \/>\n\t<meta property=\"og:image:width\" content=\"895\" \/>\n\t<meta property=\"og:image:height\" content=\"597\" \/>\n\t<meta property=\"og:image:type\" content=\"image\/jpeg\" \/>\n<meta name=\"author\" content=\"S CECI\" \/>\n<meta name=\"twitter:card\" content=\"summary_large_image\" \/>\n<meta name=\"twitter:label1\" content=\"\u00c9crit par\" \/>\n\t<meta name=\"twitter:data1\" content=\"S CECI\" \/>\n\t<meta name=\"twitter:label2\" content=\"Dur\u00e9e de lecture estim\u00e9e\" \/>\n\t<meta name=\"twitter:data2\" content=\"1 minute\" \/>\n<script type=\"application\/ld+json\" class=\"yoast-schema-graph\">{\"@context\":\"https:\\\/\\\/schema.org\",\"@graph\":[{\"@type\":\"Article\",\"@id\":\"http:\\\/\\\/s486948380.onlinehome.fr\\\/NewWp\\\/creche-municipale\\\/#article\",\"isPartOf\":{\"@id\":\"http:\\\/\\\/s486948380.onlinehome.fr\\\/NewWp\\\/creche-municipale\\\/\"},\"author\":{\"name\":\"S CECI\",\"@id\":\"http:\\\/\\\/s486948380.onlinehome.fr\\\/NewWp\\\/#\\\/schema\\\/person\\\/ff5aeadf63a1ab728f2060c495d534f3\"},\"headline\":\"Cr\u00e8che municipale\",\"datePublished\":\"2021-04-08T07:42:53+00:00\",\"dateModified\":\"2021-07-30T11:34:55+00:00\",\"mainEntityOfPage\":{\"@id\":\"http:\\\/\\\/s486948380.onlinehome.fr\\\/NewWp\\\/creche-municipale\\\/\"},\"wordCount\":177,\"image\":{\"@id\":\"http:\\\/\\\/s486948380.onlinehome.fr\\\/NewWp\\\/creche-municipale\\\/#primaryimage\"},\"thumbnailUrl\":\"http:\\\/\\\/s486948380.onlinehome.fr\\\/NewWp\\\/wp-content\\\/uploads\\\/2020\\\/10\\\/hasparren-categorie.jpg\",\"keywords\":[\"Petite enfance\"],\"articleSection\":[\"Petite enfance\"],\"inLanguage\":\"fr-FR\"},{\"@type\":\"WebPage\",\"@id\":\"http:\\\/\\\/s486948380.onlinehome.fr\\\/NewWp\\\/creche-municipale\\\/\",\"url\":\"http:\\\/\\\/s486948380.onlinehome.fr\\\/NewWp\\\/creche-municipale\\\/\",\"name\":\"Cr\u00e8che municipale - TEST\",\"isPartOf\":{\"@id\":\"http:\\\/\\\/s486948380.onlinehome.fr\\\/NewWp\\\/#website\"},\"primaryImageOfPage\":{\"@id\":\"http:\\\/\\\/s486948380.onlinehome.fr\\\/NewWp\\\/creche-municipale\\\/#primaryimage\"},\"image\":{\"@id\":\"http:\\\/\\\/s486948380.onlinehome.fr\\\/NewWp\\\/creche-municipale\\\/#primaryimage\"},\"thumbnailUrl\":\"http:\\\/\\\/s486948380.onlinehome.fr\\\/NewWp\\\/wp-content\\\/uploads\\\/2020\\\/10\\\/hasparren-categorie.jpg\",\"datePublished\":\"2021-04-08T07:42:53+00:00\",\"dateModified\":\"2021-07-30T11:34:55+00:00\",\"author\":{\"@id\":\"http:\\\/\\\/s486948380.onlinehome.fr\\\/NewWp\\\/#\\\/schema\\\/person\\\/ff5aeadf63a1ab728f2060c495d534f3\"},\"description\":\"Cr\u00e8che municipale - Petite enfance TEST\",\"breadcrumb\":{\"@id\":\"http:\\\/\\\/s486948380.onlinehome.fr\\\/NewWp\\\/creche-municipale\\\/#breadcrumb\"},\"inLanguage\":\"fr-FR\",\"potentialAction\":[{\"@type\":\"ReadAction\",\"target\":[\"http:\\\/\\\/s486948380.onlinehome.fr\\\/NewWp\\\/creche-municipale\\\/\"]}]},{\"@type\":\"BreadcrumbList\",\"@id\":\"http:\\\/\\\/s486948380.onlinehome.fr\\\/NewWp\\\/creche-municipale\\\/#breadcrumb\",\"itemListElement\":[{\"@type\":\"ListItem\",\"position\":1,\"name\":\"Accueil\",\"item\":\"http:\\\/\\\/s486948380.onlinehome.fr\\\/NewWp\\\/\"},{\"@type\":\"ListItem\",\"position\":2,\"name\":\"Cr\u00e8che municipale\"}]},{\"@type\":\"WebSite\",\"@id\":\"http:\\\/\\\/s486948380.onlinehome.fr\\\/NewWp\\\/#website\",\"url\":\"http:\\\/\\\/s486948380.onlinehome.fr\\\/NewWp\\\/\",\"name\":\"TEST\",\"description\":\"TEST\",\"potentialAction\":[{\"@type\":\"SearchAction\",\"target\":{\"@type\":\"EntryPoint\",\"urlTemplate\":\"http:\\\/\\\/s486948380.onlinehome.fr\\\/NewWp\\\/?s={search_term_string}\"},\"query-input\":{\"@type\":\"PropertyValueSpecification\",\"valueRequired\":true,\"valueName\":\"search_term_string\"}}],\"inLanguage\":\"fr-FR\"},{\"@type\":\"Person\",\"@id\":\"http:\\\/\\\/s486948380.onlinehome.fr\\\/NewWp\\\/#\\\/schema\\\/person\\\/ff5aeadf63a1ab728f2060c495d534f3\",\"name\":\"S CECI\",\"image\":{\"@type\":\"ImageObject\",\"inLanguage\":\"fr-FR\",\"@id\":\"https:\\\/\\\/secure.gravatar.com\\\/avatar\\\/68436008bd02416e2d78e8ee7ee23d47a0d4633849f8f442c4318585922046ef?s=96&d=mm&r=g\",\"url\":\"https:\\\/\\\/secure.gravatar.com\\\/avatar\\\/68436008bd02416e2d78e8ee7ee23d47a0d4633849f8f442c4318585922046ef?s=96&d=mm&r=g\",\"contentUrl\":\"https:\\\/\\\/secure.gravatar.com\\\/avatar\\\/68436008bd02416e2d78e8ee7ee23d47a0d4633849f8f442c4318585922046ef?s=96&d=mm&r=g\",\"caption\":\"S CECI\"}}]}<\/script>\n<!-- \/ Yoast SEO plugin. -->","yoast_head_json":{"title":"Cr\u00e8che municipale - TEST","description":"Cr\u00e8che municipale - Petite enfance TEST","robots":{"index":"noindex","follow":"follow","max-snippet":"max-snippet:-1","max-image-preview":"max-image-preview:large","max-video-preview":"max-video-preview:-1"},"og_locale":"fr_FR","og_type":"article","og_title":"Cr\u00e8che municipale - TEST","og_description":"Cr\u00e8che municipale - Petite enfance TEST","og_url":"http:\/\/s486948380.onlinehome.fr\/NewWp\/creche-municipale\/","og_site_name":"TEST","article_published_time":"2021-04-08T07:42:53+00:00","article_modified_time":"2021-07-30T11:34:55+00:00","og_image":[{"width":895,"height":597,"url":"http:\/\/s486948380.onlinehome.fr\/NewWp\/wp-content\/uploads\/2020\/10\/hasparren-categorie.jpg","type":"image\/jpeg"}],"author":"S CECI","twitter_card":"summary_large_image","twitter_misc":{"\u00c9crit par":"S CECI","Dur\u00e9e de lecture estim\u00e9e":"1 minute"},"schema":{"@context":"https:\/\/schema.org","@graph":[{"@type":"Article","@id":"http:\/\/s486948380.onlinehome.fr\/NewWp\/creche-municipale\/#article","isPartOf":{"@id":"http:\/\/s486948380.onlinehome.fr\/NewWp\/creche-municipale\/"},"author":{"name":"S CECI","@id":"http:\/\/s486948380.onlinehome.fr\/NewWp\/#\/schema\/person\/ff5aeadf63a1ab728f2060c495d534f3"},"headline":"Cr\u00e8che municipale","datePublished":"2021-04-08T07:42:53+00:00","dateModified":"2021-07-30T11:34:55+00:00","mainEntityOfPage":{"@id":"http:\/\/s486948380.onlinehome.fr\/NewWp\/creche-municipale\/"},"wordCount":177,"image":{"@id":"http:\/\/s486948380.onlinehome.fr\/NewWp\/creche-municipale\/#primaryimage"},"thumbnailUrl":"http:\/\/s486948380.onlinehome.fr\/NewWp\/wp-content\/uploads\/2020\/10\/hasparren-categorie.jpg","keywords":["Petite enfance"],"articleSection":["Petite enfance"],"inLanguage":"fr-FR"},{"@type":"WebPage","@id":"http:\/\/s486948380.onlinehome.fr\/NewWp\/creche-municipale\/","url":"http:\/\/s486948380.onlinehome.fr\/NewWp\/creche-municipale\/","name":"Cr\u00e8che municipale - TEST","isPartOf":{"@id":"http:\/\/s486948380.onlinehome.fr\/NewWp\/#website"},"primaryImageOfPage":{"@id":"http:\/\/s486948380.onlinehome.fr\/NewWp\/creche-municipale\/#primaryimage"},"image":{"@id":"http:\/\/s486948380.onlinehome.fr\/NewWp\/creche-municipale\/#primaryimage"},"thumbnailUrl":"http:\/\/s486948380.onlinehome.fr\/NewWp\/wp-content\/uploads\/2020\/10\/hasparren-categorie.jpg","datePublished":"2021-04-08T07:42:53+00:00","dateModified":"2021-07-30T11:34:55+00:00","author":{"@id":"http:\/\/s486948380.onlinehome.fr\/NewWp\/#\/schema\/person\/ff5aeadf63a1ab728f2060c495d534f3"},"description":"Cr\u00e8che municipale - Petite enfance TEST","breadcrumb":{"@id":"http:\/\/s486948380.onlinehome.fr\/NewWp\/creche-municipale\/#breadcrumb"},"inLanguage":"fr-FR","potentialAction":[{"@type":"ReadAction","target":["http:\/\/s486948380.onlinehome.fr\/NewWp\/creche-municipale\/"]}]},{"@type":"BreadcrumbList","@id":"http:\/\/s486948380.onlinehome.fr\/NewWp\/creche-municipale\/#breadcrumb","itemListElement":[{"@type":"ListItem","position":1,"name":"Accueil","item":"http:\/\/s486948380.onlinehome.fr\/NewWp\/"},{"@type":"ListItem","position":2,"name":"Cr\u00e8che municipale"}]},{"@type":"WebSite","@id":"http:\/\/s486948380.onlinehome.fr\/NewWp\/#website","url":"http:\/\/s486948380.onlinehome.fr\/NewWp\/","name":"TEST","description":"TEST","potentialAction":[{"@type":"SearchAction","target":{"@type":"EntryPoint","urlTemplate":"http:\/\/s486948380.onlinehome.fr\/NewWp\/?s={search_term_string}"},"query-input":{"@type":"PropertyValueSpecification","valueRequired":true,"valueName":"search_term_string"}}],"inLanguage":"fr-FR"},{"@type":"Person","@id":"http:\/\/s486948380.onlinehome.fr\/NewWp\/#\/schema\/person\/ff5aeadf63a1ab728f2060c495d534f3","name":"S CECI","image":{"@type":"ImageObject","inLanguage":"fr-FR","@id":"https:\/\/secure.gravatar.com\/avatar\/68436008bd02416e2d78e8ee7ee23d47a0d4633849f8f442c4318585922046ef?s=96&d=mm&r=g","url":"https:\/\/secure.gravatar.com\/avatar\/68436008bd02416e2d78e8ee7ee23d47a0d4633849f8f442c4318585922046ef?s=96&d=mm&r=g","contentUrl":"https:\/\/secure.gravatar.com\/avatar\/68436008bd02416e2d78e8ee7ee23d47a0d4633849f8f442c4318585922046ef?s=96&d=mm&r=g","caption":"S CECI"}}]}},"jetpack_shortlink":"https:\/\/wp.me\/pbFsbM-33v","jetpack_sharing_enabled":true,"jetpack_featured_media_url":"http:\/\/s486948380.onlinehome.fr\/NewWp\/wp-content\/uploads\/2020\/10\/hasparren-categorie.jpg","_links":{"self":[{"href":"http:\/\/s486948380.onlinehome.fr\/NewWp\/wp-json\/wp\/v2\/posts\/11749","targetHints":{"allow":["GET"]}}],"collection":[{"href":"http:\/\/s486948380.onlinehome.fr\/NewWp\/wp-json\/wp\/v2\/posts"}],"about":[{"href":"http:\/\/s486948380.onlinehome.fr\/NewWp\/wp-json\/wp\/v2\/types\/post"}],"author":[{"embeddable":true,"href":"http:\/\/s486948380.onlinehome.fr\/NewWp\/wp-json\/wp\/v2\/users\/3"}],"replies":[{"embeddable":true,"href":"http:\/\/s486948380.onlinehome.fr\/NewWp\/wp-json\/wp\/v2\/comments?post=11749"}],"version-history":[{"count":39,"href":"http:\/\/s486948380.onlinehome.fr\/NewWp\/wp-json\/wp\/v2\/posts\/11749\/revisions"}],"predecessor-version":[{"id":21516,"href":"http:\/\/s486948380.onlinehome.fr\/NewWp\/wp-json\/wp\/v2\/posts\/11749\/revisions\/21516"}],"wp:featuredmedia":[{"embeddable":true,"href":"http:\/\/s486948380.onlinehome.fr\/NewWp\/wp-json\/wp\/v2\/media\/13132"}],"wp:attachment":[{"href":"http:\/\/s486948380.onlinehome.fr\/NewWp\/wp-json\/wp\/v2\/media?parent=11749"}],"wp:term":[{"taxonomy":"category","embeddable":true,"href":"http:\/\/s486948380.onlinehome.fr\/NewWp\/wp-json\/wp\/v2\/categories?post=11749"},{"taxonomy":"post_tag","embeddable":true,"href":"http:\/\/s486948380.onlinehome.fr\/NewWp\/wp-json\/wp\/v2\/tags?post=11749"}],"curies":[{"name":"wp","href":"https:\/\/api.w.org\/{rel}","templated":true}]}}